{"id":222,"date":"2013-08-09T13:59:55","date_gmt":"2013-08-09T11:59:55","guid":{"rendered":"http:\/\/um-bruch.net\/hfw\/?p=222"},"modified":"2025-01-04T15:36:02","modified_gmt":"2025-01-04T14:36:02","slug":"bergmesse-auf-geid","status":"publish","type":"post","link":"https:\/\/heimatfreunde-welschbillig.de\/?p=222","title":{"rendered":"Bergmesse auf Geid"},"content":{"rendered":"<p><a href=\"http:\/\/um-bruch.net\/hfw\/wp-content\/uploads\/2013\/07\/Station12.jpg\"><img loading=\"lazy\" class=\"alignleft size-large wp-image-162\" alt=\"XII. Station\" src=\"http:\/\/um-bruch.net\/hfw\/wp-content\/uploads\/2013\/07\/Station12-850x1024.jpg\" width=\"360\" height=\"433\" srcset=\"https:\/\/heimatfreunde-welschbillig.de\/wp-content\/uploads\/2013\/07\/Station12-850x1024.jpg 850w, https:\/\/heimatfreunde-welschbillig.de\/wp-content\/uploads\/2013\/07\/Station12-249x300.jpg 249w, https:\/\/heimatfreunde-welschbillig.de\/wp-content\/uploads\/2013\/07\/Station12.jpg 1212w\" sizes=\"(max-width: 360px) 100vw, 360px\" \/><\/a>Am Sonntag den 25. August feiern wir das Hochamt als Bergmesse auf Geid. Beginn ist um 10.30 Uhr am Geider Kreuz. Eine Bl\u00e4sergruppe des Musikvereins wird diesen Gottesdienst musikalisch gestalten.<br \/>\nZu diesem besonderen Gottesdienst sind alle herzlich eingeladen.<\/p>\n<p>Da die Parkm\u00f6glichkeiten auf Geid sehr begrenzt sind, werden wir ab 10.00 Uhr einen Fahrdienst einrichten, der die Fu\u00dfkranken auf Geid f\u00e4hrt. Die Abfahrt erfolgt vor der Kirche.<br \/>\nAuf Geid werden wir f\u00fcr gen\u00fcgend Sitzpl\u00e4tze sorgen. Im Anschluss an den Gottesdienst laden wir zum Fr\u00fchschoppen ein, bei dem man unseren historischen Ortskern von Geid aus betrachten und sich \u00fcber unsere Arbeit und unsere Vorhaben informieren kann.<br \/>\nNat\u00fcrlich werden die Gottesdienstbesucher auch wieder zur\u00fcck zur Kirche gebracht.<\/p>\n<p>Bei schlechtem Wetter (Regen) wird der Gottesdienst in der Kirche gefeiert. Die Glocken teilen uns mit, wo der Gottesdienst stattfindet.<\/p>\n<ul>\n<li>Glockengel\u00e4ut um 10.00 Uhr:   Bergmesse findet auf Geid statt.<\/li>\n<li>Glockengel\u00e4ut um 10.15 Uhr:   Gottesdienst in der Kirche<\/li>\n<\/ul>\n<p>(Die Glocken l\u00e4uten an diesem Sonntag nur 1 x.)<\/p>\n","protected":false},"excerpt":{"rendered":"<p>Am Sonntag den 25. August feiern wir das Hochamt als Bergmesse auf Geid. Beginn ist um 10.30 Uhr am Geider Kreuz. Eine Bl\u00e4sergruppe des Musikvereins wird diesen Gottesdienst musikalisch gestalten. Zu diesem besonderen Gottesdienst sind alle herzlich eingeladen. Da die Parkm\u00f6glichkeiten auf Geid sehr begrenzt sind, werden wir ab 10.00 Uhr einen Fahrdienst einrichten, der [&hellip;]<\/p>\n","protected":false},"author":3,"featured_media":0,"comment_status":"open","ping_status":"open","sticky":false,"template":"","format":"standard","meta":[],"categories":[8],"tags":[],"_links":{"self":[{"href":"https:\/\/heimatfreunde-welschbillig.de\/index.php?rest_route=\/wp\/v2\/posts\/222"}],"collection":[{"href":"https:\/\/heimatfreunde-welschbillig.de\/index.php?rest_route=\/wp\/v2\/posts"}],"about":[{"href":"https:\/\/heimatfreunde-welschbillig.de\/index.php?rest_route=\/wp\/v2\/types\/post"}],"author":[{"embeddable":true,"href":"https:\/\/heimatfreunde-welschbillig.de\/index.php?rest_route=\/wp\/v2\/users\/3"}],"replies":[{"embeddable":true,"href":"https:\/\/heimatfreunde-welschbillig.de\/index.php?rest_route=%2Fwp%2Fv2%2Fcomments&post=222"}],"version-history":[{"count":9,"href":"https:\/\/heimatfreunde-welschbillig.de\/index.php?rest_route=\/wp\/v2\/posts\/222\/revisions"}],"predecessor-version":[{"id":3656,"href":"https:\/\/heimatfreunde-welschbillig.de\/index.php?rest_route=\/wp\/v2\/posts\/222\/revisions\/3656"}],"wp:attachment":[{"href":"https:\/\/heimatfreunde-welschbillig.de\/index.php?rest_route=%2Fwp%2Fv2%2Fmedia&parent=222"}],"wp:term":[{"taxonomy":"category","embeddable":true,"href":"https:\/\/heimatfreunde-welschbillig.de\/index.php?rest_route=%2Fwp%2Fv2%2Fcategories&post=222"},{"taxonomy":"post_tag","embeddable":true,"href":"https:\/\/heimatfreunde-welschbillig.de\/index.php?rest_route=%2Fwp%2Fv2%2Ftags&post=222"}],"curies":[{"name":"wp","href":"https:\/\/api.w.org\/{rel}","templated":true}]}}