{"id":298,"date":"2013-10-23T19:25:00","date_gmt":"2013-10-23T17:25:00","guid":{"rendered":"http:\/\/um-bruch.net\/hfw\/?p=298"},"modified":"2025-12-18T18:28:04","modified_gmt":"2025-12-18T17:28:04","slug":"brucke-uber-den-wallgraben","status":"publish","type":"post","link":"https:\/\/heimatfreunde-welschbillig.de\/?p=298","title":{"rendered":"Br\u00fccke \u00fcber den Wallgraben 2013\/1"},"content":{"rendered":"<p><a href=\"http:\/\/um-bruch.net\/hfw\/wp-content\/uploads\/2013\/08\/Brucke_gesperrt.jpg\"><img loading=\"lazy\" class=\"alignleft size-full wp-image-299\" src=\"http:\/\/um-bruch.net\/hfw\/wp-content\/uploads\/2013\/08\/Brucke_gesperrt.jpg\" alt=\"Br\u00fccke gesperrt\" width=\"400\" height=\"300\" srcset=\"https:\/\/heimatfreunde-welschbillig.de\/wp-content\/uploads\/2013\/08\/Brucke_gesperrt.jpg 400w, https:\/\/heimatfreunde-welschbillig.de\/wp-content\/uploads\/2013\/08\/Brucke_gesperrt-300x225.jpg 300w\" sizes=\"(max-width: 400px) 100vw, 400px\" \/><\/a>Zur 700 Jahrfeier der Stadtrechteverleihung wurde hinter der Burgport, in Richtung Idesheim, eine Holzbr\u00fccke \u00fcber den ehemaligen<br \/>\nWallgraben errichtet. Sie stellte eine Fu\u00dfwegverbindung zwischen der Zollstra\u00dfe und der Von-Eltz-Stra\u00dfe her. Die Br\u00fccke musste jetzt wegen erheblicher M\u00e4ngel am Tragwerk geschlossen werden.<br \/>\n<!--more-->Wer die Br\u00fccke nicht kennt kann sich an nachfolgendem Planausschnitt \u00fcber deren Standort informieren.<\/p>\n<p><a href=\"https:\/\/heimatfreunde-welschbillig.de\/wp-content\/uploads\/2013\/10\/Standort-Bruecke-.png\"><img loading=\"lazy\" class=\"alignnone size-full wp-image-3742\" src=\"https:\/\/heimatfreunde-welschbillig.de\/wp-content\/uploads\/2013\/10\/Standort-Bruecke-.png\" alt=\"\" width=\"881\" height=\"793\" srcset=\"https:\/\/heimatfreunde-welschbillig.de\/wp-content\/uploads\/2013\/10\/Standort-Bruecke-.png 881w, https:\/\/heimatfreunde-welschbillig.de\/wp-content\/uploads\/2013\/10\/Standort-Bruecke--300x270.png 300w, https:\/\/heimatfreunde-welschbillig.de\/wp-content\/uploads\/2013\/10\/Standort-Bruecke--768x691.png 768w\" sizes=\"(max-width: 881px) 100vw, 881px\" \/><\/a><br \/>\nAusschnitt aus OpenStreetMap<br clear=\"all\" \/><br \/>\n<a href=\"http:\/\/um-bruch.net\/hfw\/wp-content\/uploads\/2013\/08\/Bruecke03.jpg\"><img loading=\"lazy\" class=\"alignleft size-full wp-image-306\" src=\"http:\/\/um-bruch.net\/hfw\/wp-content\/uploads\/2013\/08\/Bruecke03.jpg\" alt=\"Bruecke03\" width=\"400\" height=\"300\" srcset=\"https:\/\/heimatfreunde-welschbillig.de\/wp-content\/uploads\/2013\/08\/Bruecke03.jpg 800w, https:\/\/heimatfreunde-welschbillig.de\/wp-content\/uploads\/2013\/08\/Bruecke03-300x225.jpg 300w\" sizes=\"(max-width: 400px) 100vw, 400px\" \/><\/a><strong><span style=\"font-size: 120%;\"> M\u00e4ngel<\/span><\/strong><br \/>\nDas Tragwerk besteht aus zwei Leimbindern, welche jeweils am Grabenrand auf Betonpfeilern abgest\u00fctzt sind. Nun war offensichtlich der Schutz der Leimbinder vor Wassereintritt von oben nicht ausreichend. Die Oberkante der Leimbinder waren zwar angeschr\u00e4gt, jedoch konnte das Wasser trotzdem in das Holz eindringen und den Leimbinder total zerst\u00f6ren. Auf dem Bild ist der Bruch des Leimbinders erkennbar wie auch die erforderlichen St\u00fctzen, um den Einsturz der Br\u00fccke zu verhindern.<br \/>\n<br clear=\"all\" \/><strong><span style=\"font-size: 120%;\"> Planung<\/span><\/strong><a href=\"http:\/\/um-bruch.net\/hfw\/wp-content\/uploads\/2013\/08\/Bruecke04.jpg\"><img loading=\"lazy\" class=\"alignleft size-full wp-image-317\" src=\"http:\/\/um-bruch.net\/hfw\/wp-content\/uploads\/2013\/08\/Bruecke04.jpg\" alt=\"Bruecke04\" width=\"400\" height=\"300\" srcset=\"https:\/\/heimatfreunde-welschbillig.de\/wp-content\/uploads\/2013\/08\/Bruecke04.jpg 800w, https:\/\/heimatfreunde-welschbillig.de\/wp-content\/uploads\/2013\/08\/Bruecke04-300x225.jpg 300w\" sizes=\"(max-width: 400px) 100vw, 400px\" \/><\/a><br \/>\nNebenstehend noch ein Bild der Br\u00fccke von der Burgport aus mit der Schadstelle. Aus Kostengr\u00fcnden war nun der Abriss der Br\u00fccke und die Anlegung eines Fu\u00dfweges durch den Wallgraben geplant. Von den Heimatfreunden wurde der Vorschlag unterbreitet, in Eigenregie die Br\u00fccke zu erneuern um den Charakter des Wallgrabens, der durch die Br\u00fccke ideal unterst\u00fctzt wird, auch f\u00fcr die Zukunft zu erhalten. Als Ersatz war an eine flache Br\u00fccke mit mehreren St\u00fctzpfeilern gedacht worden.<br \/>\nDie erforderlichen k\u00fcrzeren Tragbalken h\u00e4tten dann, aus Kostengr\u00fcnden, selbst hergestellt werden k\u00f6nnen. In einer Besprechung mit der Gemeinde und der Firma Steffen Holzbau wurde dann jedoch eine kosteng\u00fcnstige Variante mit dem Austausch der alten Leimbinder favorisiert. F\u00fcr den Einbau der neuen Leimbinder sagte uns die Firma Steffen Holzbau ihre Unterst\u00fctzung zu. So bleibt die sch\u00f6ne Bogenform der Br\u00fccke auch k\u00fcnftig erhalten.<\/p>\n<p>W\u00e4hrend die Gemeinde die Materialkosten \u00fcbernehmen will, wollen die Heimatfreunde, unterst\u00fctzt von den Gemeindearbeitern und unter fachkundiger Mithilfe der Firma Steffen Holzbau, die Br\u00fccke f\u00fcr die Welschbilliger B\u00fcrger und alle G\u00e4ste neu aufbauen. Diese Variante ist f\u00fcr die Gemeinde immer noch kosteng\u00fcnstiger, als der Abriss der vorhandenen Betonpfeiler und das Herstellen eines neuen Fu\u00dfweges mit zwei Treppenanlagen. Wie zudem ein Fu\u00dfweg ohne Br\u00fccke aussehen w\u00fcrde, kann sich jeder leicht selbst vorstellen.<br \/>\nDie Erneuerung der Br\u00fccke erfordert viel ehrenamtlichen Einsatz und soll neben unseren anderen Arbeiten durchgef\u00fchrt werden. Das nimmt nat\u00fcrlich einige Zeit in Anspruch und kann leider nicht in wenigen Monaten durchgef\u00fchrt werden. \u00dcber den Fortgang des Projektes werden wir hier auf unserer Website jeweils berichten.<\/p>\n<p>Kommentare zu diesem Projekt sind uns sehr willkommen.<\/p>\n","protected":false},"excerpt":{"rendered":"<p>Zur 700 Jahrfeier der Stadtrechteverleihung wurde hinter der Burgport, in Richtung Idesheim, eine Holzbr\u00fccke \u00fcber den ehemaligen Wallgraben errichtet. Sie stellte eine Fu\u00dfwegverbindung zwischen der Zollstra\u00dfe und der Von-Eltz-Stra\u00dfe her. Die Br\u00fccke musste jetzt wegen erheblicher M\u00e4ngel am Tragwerk geschlossen werden.<\/p>\n","protected":false},"author":3,"featured_media":0,"comment_status":"open","ping_status":"open","sticky":false,"template":"","format":"standard","meta":[],"categories":[8,4],"tags":[10],"_links":{"self":[{"href":"https:\/\/heimatfreunde-welschbillig.de\/index.php?rest_route=\/wp\/v2\/posts\/298"}],"collection":[{"href":"https:\/\/heimatfreunde-welschbillig.de\/index.php?rest_route=\/wp\/v2\/posts"}],"about":[{"href":"https:\/\/heimatfreunde-welschbillig.de\/index.php?rest_route=\/wp\/v2\/types\/post"}],"author":[{"embeddable":true,"href":"https:\/\/heimatfreunde-welschbillig.de\/index.php?rest_route=\/wp\/v2\/users\/3"}],"replies":[{"embeddable":true,"href":"https:\/\/heimatfreunde-welschbillig.de\/index.php?rest_route=%2Fwp%2Fv2%2Fcomments&post=298"}],"version-history":[{"count":35,"href":"https:\/\/heimatfreunde-welschbillig.de\/index.php?rest_route=\/wp\/v2\/posts\/298\/revisions"}],"predecessor-version":[{"id":3743,"href":"https:\/\/heimatfreunde-welschbillig.de\/index.php?rest_route=\/wp\/v2\/posts\/298\/revisions\/3743"}],"wp:attachment":[{"href":"https:\/\/heimatfreunde-welschbillig.de\/index.php?rest_route=%2Fwp%2Fv2%2Fmedia&parent=298"}],"wp:term":[{"taxonomy":"category","embeddable":true,"href":"https:\/\/heimatfreunde-welschbillig.de\/index.php?rest_route=%2Fwp%2Fv2%2Fcategories&post=298"},{"taxonomy":"post_tag","embeddable":true,"href":"https:\/\/heimatfreunde-welschbillig.de\/index.php?rest_route=%2Fwp%2Fv2%2Ftags&post=298"}],"curies":[{"name":"wp","href":"https:\/\/api.w.org\/{rel}","templated":true}]}}