{"id":3205,"date":"2021-10-18T13:15:41","date_gmt":"2021-10-18T11:15:41","guid":{"rendered":"https:\/\/heimatfreunde-welschbillig.de\/?p=3205"},"modified":"2025-01-04T08:55:28","modified_gmt":"2025-01-04T07:55:28","slug":"oktober-2021-1","status":"publish","type":"post","link":"https:\/\/heimatfreunde-welschbillig.de\/?p=3205","title":{"rendered":"Oktober 2021-1"},"content":{"rendered":"\n<p> Zu den Nachrichten &gt;&gt;<a href=\"https:\/\/heimatfreunde-welschbillig.de\/wp-content\/uploads\/2021\/10\/Oktober-2021-1.pdf\">Jahreshauptversammlung und Drachen steigen lassen<\/a> <\/p>\n\n\n\n<p>Nachtrag 18.10.2021<\/p>\n\n\n\n<p>Das Drachensteigen auf Geid ist am Sonntag dem 17. Oktober wegen absoluter Windstille leider ausgefallen. Wie angek\u00fcndigt versuchen wir unser Gl\u00fcck nochmals am 24. Oktober.<\/p>\n\n\n\n<p>Komm doch am besten mit deiner ganzen Familie am kommenden Sonntag ab 14.00 Uhr nochmals auf die gro\u00dfe Wiese hinter dem Geider Kreuz. Auf Facebook wie auch hier auf unserer Internetseite geben wir am Sonntag vor 12:00 Uhr Bescheid, ob das Drachensteigen wetterbedingt stattfinden kann. Eine Windgeschwindigkeit von ca. 10 km\/h sollte schon vorhanden sein.<\/p>\n\n\n\n<p>Das kleine Alternativprogramm letzten Sonntag mit einer Wanderung zum Wasserh\u00e4uschen und der Erkundung der Gr\u00e4ben in den Hecken hinter dem Geider Kreuz hat euch ja ganz gut gefallen. Auch die als Trostpflaster verteilten Schokot\u00f6rtchen waren schnell aufgebraucht.<br>Die Namen der M\u00e4rchenfiguren am Wasserh\u00e4uschen habt Ihr ja fast alle gewusst. Es fehlen noch die Namen der Schildkr\u00f6te und des Seepferdchens aus der Zeichentrickserie \u201eArielle\u201c. Wer kann uns da helfen?<\/p>\n\n\n\n<p>Zu einem neuen Versuch Eure Drachen steigen zu lassen, diesmal hoffentlich bei gutem Wetter <strong>und<\/strong> gen\u00fcgend Wind laden ein,<\/p>\n\n\n\n<p>die Heimatfreunde Welschbillig.<br>Rudi M\u00fcller Vors.<br>Facebook: HFW2011 <\/p>\n\n\n\n<p>Nachtrag 24.10.2021, 11:58 Uhr<\/p>\n\n\n\n<p>Das Drachenfest auf Geid findet heute statt, zumindest bieten wir Getr\u00e4nke und etwas zu essen an. Laut aktuellem Wetterbericht ist mit einer Windst\u00e4rke von ca. 12 km\/h zu rechnen. Eigentlich optimal den Drachen steigen zu lassen. Hoffen wir dass der Wetterbericht stimmt. Windst\u00e4rke und Richtung wechseln im Moment ziemlich stark.<a href=\"https:\/\/heimatfreunde-welschbillig.de\/\"><br><\/a><\/p>\n\n\n\n<p> <\/p>\n","protected":false},"excerpt":{"rendered":"<p>Jahreshauptversammlung und Einladung zum Drachenfest<\/p>\n","protected":false},"author":2,"featured_media":846,"comment_status":"open","ping_status":"open","sticky":false,"template":"","format":"standard","meta":[],"categories":[8],"tags":[],"_links":{"self":[{"href":"https:\/\/heimatfreunde-welschbillig.de\/index.php?rest_route=\/wp\/v2\/posts\/3205"}],"collection":[{"href":"https:\/\/heimatfreunde-welschbillig.de\/index.php?rest_route=\/wp\/v2\/posts"}],"about":[{"href":"https:\/\/heimatfreunde-welschbillig.de\/index.php?rest_route=\/wp\/v2\/types\/post"}],"author":[{"embeddable":true,"href":"https:\/\/heimatfreunde-welschbillig.de\/index.php?rest_route=\/wp\/v2\/users\/2"}],"replies":[{"embeddable":true,"href":"https:\/\/heimatfreunde-welschbillig.de\/index.php?rest_route=%2Fwp%2Fv2%2Fcomments&post=3205"}],"version-history":[{"count":4,"href":"https:\/\/heimatfreunde-welschbillig.de\/index.php?rest_route=\/wp\/v2\/posts\/3205\/revisions"}],"predecessor-version":[{"id":3224,"href":"https:\/\/heimatfreunde-welschbillig.de\/index.php?rest_route=\/wp\/v2\/posts\/3205\/revisions\/3224"}],"wp:featuredmedia":[{"embeddable":true,"href":"https:\/\/heimatfreunde-welschbillig.de\/index.php?rest_route=\/wp\/v2\/media\/846"}],"wp:attachment":[{"href":"https:\/\/heimatfreunde-welschbillig.de\/index.php?rest_route=%2Fwp%2Fv2%2Fmedia&parent=3205"}],"wp:term":[{"taxonomy":"category","embeddable":true,"href":"https:\/\/heimatfreunde-welschbillig.de\/index.php?rest_route=%2Fwp%2Fv2%2Fcategories&post=3205"},{"taxonomy":"post_tag","embeddable":true,"href":"https:\/\/heimatfreunde-welschbillig.de\/index.php?rest_route=%2Fwp%2Fv2%2Ftags&post=3205"}],"curies":[{"name":"wp","href":"https:\/\/api.w.org\/{rel}","templated":true}]}}