{"id":354,"date":"2012-07-01T20:59:00","date_gmt":"2012-07-01T18:59:00","guid":{"rendered":"http:\/\/um-bruch.net\/hfw\/?p=354"},"modified":"2025-01-06T11:32:10","modified_gmt":"2025-01-06T10:32:10","slug":"rodung-am-geider-berg-2009","status":"publish","type":"post","link":"https:\/\/heimatfreunde-welschbillig.de\/?p=354","title":{"rendered":"Rodung am Geider Berg 2009"},"content":{"rendered":"\n<figure class=\"wp-block-image size-large\"><a href=\"https:\/\/heimatfreunde-welschbillig.de\/wp-content\/uploads\/2024\/12\/Einladung-2009.jpg\"><img loading=\"lazy\" width=\"1024\" height=\"711\" src=\"https:\/\/heimatfreunde-welschbillig.de\/wp-content\/uploads\/2024\/12\/Einladung-2009-1024x711.jpg\" alt=\"\" class=\"wp-image-3549\" srcset=\"https:\/\/heimatfreunde-welschbillig.de\/wp-content\/uploads\/2024\/12\/Einladung-2009-1024x711.jpg 1024w, https:\/\/heimatfreunde-welschbillig.de\/wp-content\/uploads\/2024\/12\/Einladung-2009-300x208.jpg 300w, https:\/\/heimatfreunde-welschbillig.de\/wp-content\/uploads\/2024\/12\/Einladung-2009-768x533.jpg 768w, https:\/\/heimatfreunde-welschbillig.de\/wp-content\/uploads\/2024\/12\/Einladung-2009-1536x1066.jpg 1536w, https:\/\/heimatfreunde-welschbillig.de\/wp-content\/uploads\/2024\/12\/Einladung-2009.jpg 1825w\" sizes=\"(max-width: 1024px) 100vw, 1024px\" \/><\/a><\/figure>\n\n\n\n<p>Mit dem vorgenannten Beitrag in der Nr. 30\/2009 der &#8222;Welschbilliger Nachrichten&#8220; begann eine vielversprechende Zusammenarbeit von Welschbilliger B\u00fcrgern, welche motiviert waren, etwas f\u00fcr das Dorf in Bewegung zu setzen. Diese Zusammenarbeit f\u00fchrte neben ersten Gespr\u00e4chen in 2008 schlie\u00dflich 2011 zur Gr\u00fcndung der &#8222;Heimatfreunde Welschbillig e.V.&#8220;<\/p>\n\n\n\n<div class=\"wp-block-image size-full wp-image-350\"><figure class=\"alignleft\"><img loading=\"lazy\" width=\"800\" height=\"600\" src=\"http:\/\/um-bruch.net\/hfw\/wp-content\/uploads\/2013\/08\/Rodung_2009_01.jpg\" alt=\"Beginn der Rodungsarbeiten auf Geid, 2009\" class=\"wp-image-350\" srcset=\"https:\/\/heimatfreunde-welschbillig.de\/wp-content\/uploads\/2013\/08\/Rodung_2009_01.jpg 800w, https:\/\/heimatfreunde-welschbillig.de\/wp-content\/uploads\/2013\/08\/Rodung_2009_01-300x225.jpg 300w\" sizes=\"(max-width: 800px) 100vw, 800px\" \/><figcaption>Beginn der Rodungsarbeiten auf Geid 2009<\/figcaption><\/figure><\/div>\n\n\n\n<p><\/p>\n\n\n\n<p>Von dieser Gruppe Welschbilliger M\u00e4nner wurde mit der Freilegung einer Schneise am Geider Berg begonnen. Das Kreuz auf dem Geider Berg war bis zu diesem Zeitpunkt aus dem Dorf nicht mehr zu sehen. B\u00e4ume und dichtes Gestr\u00fcpp verhinderten den Blick. Auch der auf den Geider Berg f\u00fchrende Kreuzweg f\u00fchrte durch diese Hecken und wurde gr\u00f6\u00dftenteils mit freigelegt. Ein Bild der ersten Stunde, Helfer bei den Rodungsarbeiten.<\/p>\n\n\n\n<p><\/p>\n\n\n\n<!--more-->\n\n\n\n<div class=\"wp-block-image\"><figure class=\"alignleft\"><a href=\"http:\/\/um-bruch.net\/hfw\/wp-content\/uploads\/2013\/09\/Rodung_2009_02.jpg\"><img loading=\"lazy\" width=\"800\" height=\"600\" src=\"http:\/\/um-bruch.net\/hfw\/wp-content\/uploads\/2013\/09\/Rodung_2009_02.jpg\" alt=\"Blick vom Geider Berg auf das Dorf, Winter 2009\" class=\"wp-image-376\" srcset=\"https:\/\/heimatfreunde-welschbillig.de\/wp-content\/uploads\/2013\/09\/Rodung_2009_02.jpg 800w, https:\/\/heimatfreunde-welschbillig.de\/wp-content\/uploads\/2013\/09\/Rodung_2009_02-300x225.jpg 300w\" sizes=\"(max-width: 800px) 100vw, 800px\" \/><\/a><figcaption>Blick vom Geider Berg auf das Dorf, Winter 2009<\/figcaption><\/figure><\/div>\n\n\n\n<p>Auch vom Geider Berg war das Dorf nur im Winter durch die Zweige hindurch erkennbar. Erst durch umfangreiche Rodungsarbeiten konnte wieder ein freier Blick erm\u00f6glicht werden. Nicht verkennen darf man indessen, dass wir uns mit der Rodung auch jede Menge Pflegearbeiten aufgehalst haben. Der Berg muss jedes Jahr mindestens zweimal mit einem Freischneider von nachwachsendem Gestr\u00fcpp befreit werden, da ansonsten der vorherige Zustand sehr schnell wieder zur\u00fcckkehren w\u00fcrde. Haselnuss, Eschen und sonstige Hecken zeigen bereits nach 3 Monaten 1 m lange Neutriebe, welche entfernt werden m\u00fcssen.<br><br clear=\"all\"><\/p>\n\n\n\n<div class=\"wp-block-image\"><figure class=\"alignleft\"><a href=\"http:\/\/um-bruch.net\/hfw\/wp-content\/uploads\/2013\/09\/Dorfblick02.jpg\"><img loading=\"lazy\" width=\"800\" height=\"517\" src=\"http:\/\/um-bruch.net\/hfw\/wp-content\/uploads\/2013\/09\/Dorfblick02.jpg\" alt=\"Dorfblick02\" class=\"wp-image-387\" srcset=\"https:\/\/heimatfreunde-welschbillig.de\/wp-content\/uploads\/2013\/09\/Dorfblick02.jpg 800w, https:\/\/heimatfreunde-welschbillig.de\/wp-content\/uploads\/2013\/09\/Dorfblick02-300x193.jpg 300w\" sizes=\"(max-width: 800px) 100vw, 800px\" \/><\/a><figcaption>Blick vom Geider Berg auf Welschbillig<\/figcaption><\/figure><\/div>\n\n\n\n<p>Das nebenstehenden Foto zeigt den gr\u00f6\u00dften Teil des historischen &#8222;Stadtteils&#8220; von Welschbillig, aufgenommen vom Geider Berg nach Abschluss der Rodungsarbeiten. Unser Eingangsbild, oben auf der Seite, wurde diesem Foto entnommen. (Mit einem Klick auf das Bild wird dieses gr\u00f6\u00dfer dargestellt.)<br><br clear=\"all\"><\/p>\n\n\n\n<div class=\"wp-block-image\"><figure class=\"alignleft\"><a href=\"http:\/\/um-bruch.net\/hfw\/wp-content\/uploads\/2013\/03\/Geid_01.jpg\"><img loading=\"lazy\" width=\"1139\" height=\"1410\" src=\"http:\/\/um-bruch.net\/hfw\/wp-content\/uploads\/2013\/03\/Geid_01.jpg\" alt=\"Geid 01\" class=\"wp-image-335\" srcset=\"https:\/\/heimatfreunde-welschbillig.de\/wp-content\/uploads\/2013\/03\/Geid_01.jpg 1139w, https:\/\/heimatfreunde-welschbillig.de\/wp-content\/uploads\/2013\/03\/Geid_01-242x300.jpg 242w, https:\/\/heimatfreunde-welschbillig.de\/wp-content\/uploads\/2013\/03\/Geid_01-827x1024.jpg 827w\" sizes=\"(max-width: 1139px) 100vw, 1139px\" \/><\/a><figcaption>Geid und der &#8222;Eifeldom&#8220; vom Rautenberg gesehen<\/figcaption><\/figure><\/div>\n\n\n\n<p>Geht man auf den \u00f6stlich von Welschbillig gelegenen Rautenberg, erster Feldweg links auf der Strecke nach Hofweiler, so bietet sich ein v\u00f6llig neuer Blick auf Geid. Die Schneise zum Dorf hin ist deutlich sichtbar. Der &#8222;Eifeldom&#8220;, die Welschbilliger Kirche, umrahmt den Geider Berg. In der Mitte der Rodung ist das Geider Kreuz noch zu erkennen, leider nicht besonders gut, da es sich im Schatten der B\u00e4ume befindet. Ein Klick auf das Bild und eine anschlie\u00dfende Vergr\u00f6\u00dferung l\u00e4sst auch, anhand des Gel\u00e4nders, den Verlauf des Kreuzweges noch erkennen.<\/p>\n","protected":false},"excerpt":{"rendered":"<p>Mit dem vorgenannten Beitrag in der Nr. 30\/2009 der &#8222;Welschbilliger Nachrichten&#8220; begann eine vielversprechende Zusammenarbeit von Welschbilliger B\u00fcrgern, welche motiviert waren, etwas f\u00fcr das Dorf in Bewegung zu setzen. Diese Zusammenarbeit f\u00fchrte neben ersten Gespr\u00e4chen in 2008 schlie\u00dflich 2011 zur Gr\u00fcndung der &#8222;Heimatfreunde Welschbillig e.V.&#8220; Von dieser Gruppe Welschbilliger M\u00e4nner wurde mit der Freilegung einer [&hellip;]<\/p>\n","protected":false},"author":3,"featured_media":350,"comment_status":"open","ping_status":"open","sticky":false,"template":"","format":"standard","meta":[],"categories":[1,4],"tags":[],"_links":{"self":[{"href":"https:\/\/heimatfreunde-welschbillig.de\/index.php?rest_route=\/wp\/v2\/posts\/354"}],"collection":[{"href":"https:\/\/heimatfreunde-welschbillig.de\/index.php?rest_route=\/wp\/v2\/posts"}],"about":[{"href":"https:\/\/heimatfreunde-welschbillig.de\/index.php?rest_route=\/wp\/v2\/types\/post"}],"author":[{"embeddable":true,"href":"https:\/\/heimatfreunde-welschbillig.de\/index.php?rest_route=\/wp\/v2\/users\/3"}],"replies":[{"embeddable":true,"href":"https:\/\/heimatfreunde-welschbillig.de\/index.php?rest_route=%2Fwp%2Fv2%2Fcomments&post=354"}],"version-history":[{"count":44,"href":"https:\/\/heimatfreunde-welschbillig.de\/index.php?rest_route=\/wp\/v2\/posts\/354\/revisions"}],"predecessor-version":[{"id":3584,"href":"https:\/\/heimatfreunde-welschbillig.de\/index.php?rest_route=\/wp\/v2\/posts\/354\/revisions\/3584"}],"wp:featuredmedia":[{"embeddable":true,"href":"https:\/\/heimatfreunde-welschbillig.de\/index.php?rest_route=\/wp\/v2\/media\/350"}],"wp:attachment":[{"href":"https:\/\/heimatfreunde-welschbillig.de\/index.php?rest_route=%2Fwp%2Fv2%2Fmedia&parent=354"}],"wp:term":[{"taxonomy":"category","embeddable":true,"href":"https:\/\/heimatfreunde-welschbillig.de\/index.php?rest_route=%2Fwp%2Fv2%2Fcategories&post=354"},{"taxonomy":"post_tag","embeddable":true,"href":"https:\/\/heimatfreunde-welschbillig.de\/index.php?rest_route=%2Fwp%2Fv2%2Ftags&post=354"}],"curies":[{"name":"wp","href":"https:\/\/api.w.org\/{rel}","templated":true}]}}